{"id":7513,"date":"2024-11-16T14:47:59","date_gmt":"2024-11-16T13:47:59","guid":{"rendered":"https:\/\/anr82.fr\/?p=7513"},"modified":"2026-01-03T11:14:32","modified_gmt":"2026-01-03T10:14:32","slug":"en-novembre-on-garde-le-cap","status":"publish","type":"post","link":"https:\/\/anr82.fr\/index.php\/2024\/11\/16\/en-novembre-on-garde-le-cap\/","title":{"rendered":"Nostalgie des belles chansons&#8230;"},"content":{"rendered":"<div style=\"font-style:normal;font-weight:200;\" class=\"has-text-align-center wp-block-post-date has-small-font-size\"><time datetime=\"2024-11-16T14:47:59+01:00\">16 novembre 2024<\/time><\/div>\n\n\n<div class=\"wp-block-columns is-layout-flex wp-container-core-columns-is-layout-28f84493 wp-block-columns-is-layout-flex\" style=\"border-style:none;border-width:0px;border-radius:66px\">\n<div class=\"wp-block-column is-layout-flow wp-block-column-is-layout-flow\"><\/div>\n\n\n\n<div class=\"wp-block-column is-layout-flow wp-block-column-is-layout-flow\"><\/div>\n<\/div>\n\n\n\n<h2 class=\"wp-block-heading has-text-align-center\" style=\"font-style:normal;font-weight:500\">Spectacle \u00ab\u00a0Les Amis de la Chanson\u00a0\u00bb<\/h2>\n\n\n\n<p class=\"has-drop-cap has-background has-medium-font-size\" style=\"background-color:#faf7e6;font-style:normal;font-weight:200\">L&rsquo;ANR avait rendez-vous ce Mardi 5 Novembre \u00e0 la salle des f\u00eates de Villemade pour, cette ann\u00e9e encore, passer un bien agr\u00e9able apr\u00e8s-midi avec \u00ab&nbsp;<strong>Les Amis de la Chanson<\/strong> \u00bb.<br><br>Le r\u00e9pertoire propos\u00e9, riche et vari\u00e9, n&rsquo;a pas manqu\u00e9 de rappeler de bons souvenirs \u00e0 un public conquis&#8230;<br><br>Une belle sortie.<\/p>\n\n\n\n<figure class=\"wp-block-image size-large has-custom-border\" id=\"wp-block-themeisle-blocks-image-7292e9e8\"><img loading=\"lazy\" decoding=\"async\" width=\"1255\" height=\"941\" src=\"https:\/\/anr82.fr\/wp-content\/uploads\/2024\/11\/Collage-les-amis-de-la-chanson-11-2024-edited.jpg\" alt=\"\" class=\"wp-image-7528\" style=\"border-radius:20px\" srcset=\"https:\/\/anr82.fr\/wp-content\/uploads\/2024\/11\/Collage-les-amis-de-la-chanson-11-2024-edited.jpg 1255w, https:\/\/anr82.fr\/wp-content\/uploads\/2024\/11\/Collage-les-amis-de-la-chanson-11-2024-edited-300x225.jpg 300w, https:\/\/anr82.fr\/wp-content\/uploads\/2024\/11\/Collage-les-amis-de-la-chanson-11-2024-edited-1024x768.jpg 1024w, https:\/\/anr82.fr\/wp-content\/uploads\/2024\/11\/Collage-les-amis-de-la-chanson-11-2024-edited-768x576.jpg 768w\" sizes=\"auto, (max-width: 1255px) 100vw, 1255px\" \/><\/figure>\n\n\n\n<div style=\"height:50px\" aria-hidden=\"true\" class=\"wp-block-spacer\"><\/div>\n\n\n\n<figure class=\"wp-block-image size-large has-custom-border\" id=\"wp-block-themeisle-blocks-image-e5c91de3\"><img loading=\"lazy\" decoding=\"async\" width=\"1538\" height=\"1154\" src=\"https:\/\/anr82.fr\/wp-content\/uploads\/2024\/11\/PHOTO-2024-11-15-18-45-07-edited.jpg\" alt=\"\" class=\"wp-image-7530\" style=\"border-radius:20px\" srcset=\"https:\/\/anr82.fr\/wp-content\/uploads\/2024\/11\/PHOTO-2024-11-15-18-45-07-edited.jpg 1538w, https:\/\/anr82.fr\/wp-content\/uploads\/2024\/11\/PHOTO-2024-11-15-18-45-07-edited-300x225.jpg 300w, https:\/\/anr82.fr\/wp-content\/uploads\/2024\/11\/PHOTO-2024-11-15-18-45-07-edited-1024x768.jpg 1024w, https:\/\/anr82.fr\/wp-content\/uploads\/2024\/11\/PHOTO-2024-11-15-18-45-07-edited-768x576.jpg 768w, https:\/\/anr82.fr\/wp-content\/uploads\/2024\/11\/PHOTO-2024-11-15-18-45-07-edited-1536x1152.jpg 1536w\" sizes=\"auto, (max-width: 1538px) 100vw, 1538px\" \/><figcaption class=\"wp-element-caption\">Un public sous le charme !<\/figcaption><\/figure>\n","protected":false},"excerpt":{"rendered":"<p>Spectacle \u00ab\u00a0Les Amis de la Chanson\u00a0\u00bb L&rsquo;ANR avait rendez-vous ce Mardi 5 Novembre \u00e0 la salle des f\u00eates de Villemade pour, cette ann\u00e9e encore, passer un bien agr\u00e9able apr\u00e8s-midi avec \u00ab&nbsp;Les Amis de la Chanson \u00bb. Le r\u00e9pertoire propos\u00e9, riche et vari\u00e9, n&rsquo;a pas manqu\u00e9 de rappeler de bons souvenirs [&hellip;]<\/p>\n","protected":false},"author":2,"featured_media":7521,"comment_status":"closed","ping_status":"closed","sticky":false,"template":"","format":"standard","meta":{"_bbp_topic_count":0,"_bbp_reply_count":0,"_bbp_total_topic_count":0,"_bbp_total_reply_count":0,"_bbp_voice_count":0,"_bbp_anonymous_reply_count":0,"_bbp_topic_count_hidden":0,"_bbp_reply_count_hidden":0,"_bbp_forum_subforum_count":0,"_themeisle_gutenberg_block_has_review":false,"footnotes":""},"categories":[89,67,80,78],"tags":[],"class_list":["post-7513","post","type-post","status-publish","format-standard","has-post-thumbnail","hentry","category-89","category-activites","category-sorties","category-spectacles"],"yoast_head":"<!-- This site is optimized with the Yoast SEO plugin v27.5 - https:\/\/yoast.com\/product\/yoast-seo-wordpress\/ -->\n<title>Nostalgie des belles chansons... - Groupe Tarn &amp; Garonne<\/title>\n<meta name=\"robots\" content=\"index, follow, max-snippet:-1, max-image-preview:large, max-video-preview:-1\" \/>\n<link rel=\"canonical\" href=\"https:\/\/anr82.fr\/index.php\/2024\/11\/16\/en-novembre-on-garde-le-cap\/\" \/>\n<meta property=\"og:locale\" content=\"fr_FR\" \/>\n<meta property=\"og:type\" content=\"article\" \/>\n<meta property=\"og:title\" content=\"Nostalgie des belles chansons... - Groupe Tarn &amp; Garonne\" \/>\n<meta property=\"og:description\" content=\"Spectacle \u00ab\u00a0Les Amis de la Chanson\u00a0\u00bb L&rsquo;ANR avait rendez-vous ce Mardi 5 Novembre \u00e0 la salle des f\u00eates de Villemade pour, cette ann\u00e9e encore, passer un bien agr\u00e9able apr\u00e8s-midi avec \u00ab&nbsp;Les Amis de la Chanson \u00bb. Le r\u00e9pertoire propos\u00e9, riche et vari\u00e9, n&rsquo;a pas manqu\u00e9 de rappeler de bons souvenirs [&hellip;]\" \/>\n<meta property=\"og:url\" content=\"https:\/\/anr82.fr\/index.php\/2024\/11\/16\/en-novembre-on-garde-le-cap\/\" \/>\n<meta property=\"og:site_name\" content=\"Groupe Tarn &amp; Garonne\" \/>\n<meta property=\"article:published_time\" content=\"2024-11-16T13:47:59+00:00\" \/>\n<meta property=\"article:modified_time\" content=\"2026-01-03T10:14:32+00:00\" \/>\n<meta property=\"og:image\" content=\"https:\/\/anr82.fr\/wp-content\/uploads\/2024\/11\/PHOTO-2024-11-15-18-38-47.jpg\" \/>\n\t<meta property=\"og:image:width\" content=\"1200\" \/>\n\t<meta property=\"og:image:height\" content=\"1217\" \/>\n\t<meta property=\"og:image:type\" content=\"image\/jpeg\" \/>\n<meta name=\"author\" content=\"Philippe\" \/>\n<meta name=\"twitter:card\" content=\"summary_large_image\" \/>\n<meta name=\"twitter:label1\" content=\"\u00c9crit par\" \/>\n\t<meta name=\"twitter:data1\" content=\"Philippe\" \/>\n\t<meta name=\"twitter:label2\" content=\"Dur\u00e9e de lecture estim\u00e9e\" \/>\n\t<meta name=\"twitter:data2\" content=\"1 minute\" \/>\n<script type=\"application\/ld+json\" class=\"yoast-schema-graph\">{\"@context\":\"https:\\\/\\\/schema.org\",\"@graph\":[{\"@type\":\"Article\",\"@id\":\"https:\\\/\\\/anr82.fr\\\/index.php\\\/2024\\\/11\\\/16\\\/en-novembre-on-garde-le-cap\\\/#article\",\"isPartOf\":{\"@id\":\"https:\\\/\\\/anr82.fr\\\/index.php\\\/2024\\\/11\\\/16\\\/en-novembre-on-garde-le-cap\\\/\"},\"author\":{\"name\":\"Philippe\",\"@id\":\"https:\\\/\\\/anr82.fr\\\/#\\\/schema\\\/person\\\/64492e976e648d7c4d110c59f70a0934\"},\"headline\":\"Nostalgie des belles chansons&#8230;\",\"datePublished\":\"2024-11-16T13:47:59+00:00\",\"dateModified\":\"2026-01-03T10:14:32+00:00\",\"mainEntityOfPage\":{\"@id\":\"https:\\\/\\\/anr82.fr\\\/index.php\\\/2024\\\/11\\\/16\\\/en-novembre-on-garde-le-cap\\\/\"},\"wordCount\":70,\"publisher\":{\"@id\":\"https:\\\/\\\/anr82.fr\\\/#organization\"},\"image\":{\"@id\":\"https:\\\/\\\/anr82.fr\\\/index.php\\\/2024\\\/11\\\/16\\\/en-novembre-on-garde-le-cap\\\/#primaryimage\"},\"thumbnailUrl\":\"https:\\\/\\\/anr82.fr\\\/wp-content\\\/uploads\\\/2024\\\/11\\\/PHOTO-2024-11-15-18-38-47.jpg\",\"articleSection\":[\"2024\",\"Activit\u00e9s de groupe\",\"Sorties\",\"Spectacles\"],\"inLanguage\":\"fr-FR\"},{\"@type\":\"WebPage\",\"@id\":\"https:\\\/\\\/anr82.fr\\\/index.php\\\/2024\\\/11\\\/16\\\/en-novembre-on-garde-le-cap\\\/\",\"url\":\"https:\\\/\\\/anr82.fr\\\/index.php\\\/2024\\\/11\\\/16\\\/en-novembre-on-garde-le-cap\\\/\",\"name\":\"Nostalgie des belles chansons... - Groupe Tarn &amp; Garonne\",\"isPartOf\":{\"@id\":\"https:\\\/\\\/anr82.fr\\\/#website\"},\"primaryImageOfPage\":{\"@id\":\"https:\\\/\\\/anr82.fr\\\/index.php\\\/2024\\\/11\\\/16\\\/en-novembre-on-garde-le-cap\\\/#primaryimage\"},\"image\":{\"@id\":\"https:\\\/\\\/anr82.fr\\\/index.php\\\/2024\\\/11\\\/16\\\/en-novembre-on-garde-le-cap\\\/#primaryimage\"},\"thumbnailUrl\":\"https:\\\/\\\/anr82.fr\\\/wp-content\\\/uploads\\\/2024\\\/11\\\/PHOTO-2024-11-15-18-38-47.jpg\",\"datePublished\":\"2024-11-16T13:47:59+00:00\",\"dateModified\":\"2026-01-03T10:14:32+00:00\",\"breadcrumb\":{\"@id\":\"https:\\\/\\\/anr82.fr\\\/index.php\\\/2024\\\/11\\\/16\\\/en-novembre-on-garde-le-cap\\\/#breadcrumb\"},\"inLanguage\":\"fr-FR\",\"potentialAction\":[{\"@type\":\"ReadAction\",\"target\":[\"https:\\\/\\\/anr82.fr\\\/index.php\\\/2024\\\/11\\\/16\\\/en-novembre-on-garde-le-cap\\\/\"]}]},{\"@type\":\"ImageObject\",\"inLanguage\":\"fr-FR\",\"@id\":\"https:\\\/\\\/anr82.fr\\\/index.php\\\/2024\\\/11\\\/16\\\/en-novembre-on-garde-le-cap\\\/#primaryimage\",\"url\":\"https:\\\/\\\/anr82.fr\\\/wp-content\\\/uploads\\\/2024\\\/11\\\/PHOTO-2024-11-15-18-38-47.jpg\",\"contentUrl\":\"https:\\\/\\\/anr82.fr\\\/wp-content\\\/uploads\\\/2024\\\/11\\\/PHOTO-2024-11-15-18-38-47.jpg\",\"width\":1200,\"height\":1217},{\"@type\":\"BreadcrumbList\",\"@id\":\"https:\\\/\\\/anr82.fr\\\/index.php\\\/2024\\\/11\\\/16\\\/en-novembre-on-garde-le-cap\\\/#breadcrumb\",\"itemListElement\":[{\"@type\":\"ListItem\",\"position\":1,\"name\":\"Accueil\",\"item\":\"https:\\\/\\\/anr82.fr\\\/\"},{\"@type\":\"ListItem\",\"position\":2,\"name\":\"Nostalgie des belles chansons&#8230;\"}]},{\"@type\":\"WebSite\",\"@id\":\"https:\\\/\\\/anr82.fr\\\/#website\",\"url\":\"https:\\\/\\\/anr82.fr\\\/\",\"name\":\"Groupe Tarn &amp; Garonne\",\"description\":\"Solidarit\u00e9, aide, convivialit\u00e9, partage...\",\"publisher\":{\"@id\":\"https:\\\/\\\/anr82.fr\\\/#organization\"},\"potentialAction\":[{\"@type\":\"SearchAction\",\"target\":{\"@type\":\"EntryPoint\",\"urlTemplate\":\"https:\\\/\\\/anr82.fr\\\/?s={search_term_string}\"},\"query-input\":{\"@type\":\"PropertyValueSpecification\",\"valueRequired\":true,\"valueName\":\"search_term_string\"}}],\"inLanguage\":\"fr-FR\"},{\"@type\":\"Organization\",\"@id\":\"https:\\\/\\\/anr82.fr\\\/#organization\",\"name\":\"Association Nationale de Retrait\u00e9s Groupe Tarn et Garonne\",\"url\":\"https:\\\/\\\/anr82.fr\\\/\",\"logo\":{\"@type\":\"ImageObject\",\"inLanguage\":\"fr-FR\",\"@id\":\"https:\\\/\\\/anr82.fr\\\/#\\\/schema\\\/logo\\\/image\\\/\",\"url\":\"https:\\\/\\\/anr82.fr\\\/wp-content\\\/uploads\\\/2020\\\/04\\\/cropped-Logo-ANR82-02-2.jpg\",\"contentUrl\":\"https:\\\/\\\/anr82.fr\\\/wp-content\\\/uploads\\\/2020\\\/04\\\/cropped-Logo-ANR82-02-2.jpg\",\"width\":500,\"height\":100,\"caption\":\"Association Nationale de Retrait\u00e9s Groupe Tarn et Garonne\"},\"image\":{\"@id\":\"https:\\\/\\\/anr82.fr\\\/#\\\/schema\\\/logo\\\/image\\\/\"}},{\"@type\":\"Person\",\"@id\":\"https:\\\/\\\/anr82.fr\\\/#\\\/schema\\\/person\\\/64492e976e648d7c4d110c59f70a0934\",\"name\":\"Philippe\",\"image\":{\"@type\":\"ImageObject\",\"inLanguage\":\"fr-FR\",\"@id\":\"https:\\\/\\\/secure.gravatar.com\\\/avatar\\\/70d895fae5bd155cd7ed93ad5d9e39977c613c3887f3b109dbe9d2235575b8b7?s=96&d=robohash&r=g\",\"url\":\"https:\\\/\\\/secure.gravatar.com\\\/avatar\\\/70d895fae5bd155cd7ed93ad5d9e39977c613c3887f3b109dbe9d2235575b8b7?s=96&d=robohash&r=g\",\"contentUrl\":\"https:\\\/\\\/secure.gravatar.com\\\/avatar\\\/70d895fae5bd155cd7ed93ad5d9e39977c613c3887f3b109dbe9d2235575b8b7?s=96&d=robohash&r=g\",\"caption\":\"Philippe\"},\"url\":\"https:\\\/\\\/anr82.fr\\\/index.php\\\/author\\\/philippeadm82\\\/\"}]}<\/script>\n<!-- \/ Yoast SEO plugin. -->","yoast_head_json":{"title":"Nostalgie des belles chansons... - Groupe Tarn &amp; Garonne","robots":{"index":"index","follow":"follow","max-snippet":"max-snippet:-1","max-image-preview":"max-image-preview:large","max-video-preview":"max-video-preview:-1"},"canonical":"https:\/\/anr82.fr\/index.php\/2024\/11\/16\/en-novembre-on-garde-le-cap\/","og_locale":"fr_FR","og_type":"article","og_title":"Nostalgie des belles chansons... - Groupe Tarn &amp; Garonne","og_description":"Spectacle \u00ab\u00a0Les Amis de la Chanson\u00a0\u00bb L&rsquo;ANR avait rendez-vous ce Mardi 5 Novembre \u00e0 la salle des f\u00eates de Villemade pour, cette ann\u00e9e encore, passer un bien agr\u00e9able apr\u00e8s-midi avec \u00ab&nbsp;Les Amis de la Chanson \u00bb. Le r\u00e9pertoire propos\u00e9, riche et vari\u00e9, n&rsquo;a pas manqu\u00e9 de rappeler de bons souvenirs [&hellip;]","og_url":"https:\/\/anr82.fr\/index.php\/2024\/11\/16\/en-novembre-on-garde-le-cap\/","og_site_name":"Groupe Tarn &amp; Garonne","article_published_time":"2024-11-16T13:47:59+00:00","article_modified_time":"2026-01-03T10:14:32+00:00","og_image":[{"width":1200,"height":1217,"url":"https:\/\/anr82.fr\/wp-content\/uploads\/2024\/11\/PHOTO-2024-11-15-18-38-47.jpg","type":"image\/jpeg"}],"author":"Philippe","twitter_card":"summary_large_image","twitter_misc":{"\u00c9crit par":"Philippe","Dur\u00e9e de lecture estim\u00e9e":"1 minute"},"schema":{"@context":"https:\/\/schema.org","@graph":[{"@type":"Article","@id":"https:\/\/anr82.fr\/index.php\/2024\/11\/16\/en-novembre-on-garde-le-cap\/#article","isPartOf":{"@id":"https:\/\/anr82.fr\/index.php\/2024\/11\/16\/en-novembre-on-garde-le-cap\/"},"author":{"name":"Philippe","@id":"https:\/\/anr82.fr\/#\/schema\/person\/64492e976e648d7c4d110c59f70a0934"},"headline":"Nostalgie des belles chansons&#8230;","datePublished":"2024-11-16T13:47:59+00:00","dateModified":"2026-01-03T10:14:32+00:00","mainEntityOfPage":{"@id":"https:\/\/anr82.fr\/index.php\/2024\/11\/16\/en-novembre-on-garde-le-cap\/"},"wordCount":70,"publisher":{"@id":"https:\/\/anr82.fr\/#organization"},"image":{"@id":"https:\/\/anr82.fr\/index.php\/2024\/11\/16\/en-novembre-on-garde-le-cap\/#primaryimage"},"thumbnailUrl":"https:\/\/anr82.fr\/wp-content\/uploads\/2024\/11\/PHOTO-2024-11-15-18-38-47.jpg","articleSection":["2024","Activit\u00e9s de groupe","Sorties","Spectacles"],"inLanguage":"fr-FR"},{"@type":"WebPage","@id":"https:\/\/anr82.fr\/index.php\/2024\/11\/16\/en-novembre-on-garde-le-cap\/","url":"https:\/\/anr82.fr\/index.php\/2024\/11\/16\/en-novembre-on-garde-le-cap\/","name":"Nostalgie des belles chansons... - Groupe Tarn &amp; Garonne","isPartOf":{"@id":"https:\/\/anr82.fr\/#website"},"primaryImageOfPage":{"@id":"https:\/\/anr82.fr\/index.php\/2024\/11\/16\/en-novembre-on-garde-le-cap\/#primaryimage"},"image":{"@id":"https:\/\/anr82.fr\/index.php\/2024\/11\/16\/en-novembre-on-garde-le-cap\/#primaryimage"},"thumbnailUrl":"https:\/\/anr82.fr\/wp-content\/uploads\/2024\/11\/PHOTO-2024-11-15-18-38-47.jpg","datePublished":"2024-11-16T13:47:59+00:00","dateModified":"2026-01-03T10:14:32+00:00","breadcrumb":{"@id":"https:\/\/anr82.fr\/index.php\/2024\/11\/16\/en-novembre-on-garde-le-cap\/#breadcrumb"},"inLanguage":"fr-FR","potentialAction":[{"@type":"ReadAction","target":["https:\/\/anr82.fr\/index.php\/2024\/11\/16\/en-novembre-on-garde-le-cap\/"]}]},{"@type":"ImageObject","inLanguage":"fr-FR","@id":"https:\/\/anr82.fr\/index.php\/2024\/11\/16\/en-novembre-on-garde-le-cap\/#primaryimage","url":"https:\/\/anr82.fr\/wp-content\/uploads\/2024\/11\/PHOTO-2024-11-15-18-38-47.jpg","contentUrl":"https:\/\/anr82.fr\/wp-content\/uploads\/2024\/11\/PHOTO-2024-11-15-18-38-47.jpg","width":1200,"height":1217},{"@type":"BreadcrumbList","@id":"https:\/\/anr82.fr\/index.php\/2024\/11\/16\/en-novembre-on-garde-le-cap\/#breadcrumb","itemListElement":[{"@type":"ListItem","position":1,"name":"Accueil","item":"https:\/\/anr82.fr\/"},{"@type":"ListItem","position":2,"name":"Nostalgie des belles chansons&#8230;"}]},{"@type":"WebSite","@id":"https:\/\/anr82.fr\/#website","url":"https:\/\/anr82.fr\/","name":"Groupe Tarn &amp; Garonne","description":"Solidarit\u00e9, aide, convivialit\u00e9, partage...","publisher":{"@id":"https:\/\/anr82.fr\/#organization"},"potentialAction":[{"@type":"SearchAction","target":{"@type":"EntryPoint","urlTemplate":"https:\/\/anr82.fr\/?s={search_term_string}"},"query-input":{"@type":"PropertyValueSpecification","valueRequired":true,"valueName":"search_term_string"}}],"inLanguage":"fr-FR"},{"@type":"Organization","@id":"https:\/\/anr82.fr\/#organization","name":"Association Nationale de Retrait\u00e9s Groupe Tarn et Garonne","url":"https:\/\/anr82.fr\/","logo":{"@type":"ImageObject","inLanguage":"fr-FR","@id":"https:\/\/anr82.fr\/#\/schema\/logo\/image\/","url":"https:\/\/anr82.fr\/wp-content\/uploads\/2020\/04\/cropped-Logo-ANR82-02-2.jpg","contentUrl":"https:\/\/anr82.fr\/wp-content\/uploads\/2020\/04\/cropped-Logo-ANR82-02-2.jpg","width":500,"height":100,"caption":"Association Nationale de Retrait\u00e9s Groupe Tarn et Garonne"},"image":{"@id":"https:\/\/anr82.fr\/#\/schema\/logo\/image\/"}},{"@type":"Person","@id":"https:\/\/anr82.fr\/#\/schema\/person\/64492e976e648d7c4d110c59f70a0934","name":"Philippe","image":{"@type":"ImageObject","inLanguage":"fr-FR","@id":"https:\/\/secure.gravatar.com\/avatar\/70d895fae5bd155cd7ed93ad5d9e39977c613c3887f3b109dbe9d2235575b8b7?s=96&d=robohash&r=g","url":"https:\/\/secure.gravatar.com\/avatar\/70d895fae5bd155cd7ed93ad5d9e39977c613c3887f3b109dbe9d2235575b8b7?s=96&d=robohash&r=g","contentUrl":"https:\/\/secure.gravatar.com\/avatar\/70d895fae5bd155cd7ed93ad5d9e39977c613c3887f3b109dbe9d2235575b8b7?s=96&d=robohash&r=g","caption":"Philippe"},"url":"https:\/\/anr82.fr\/index.php\/author\/philippeadm82\/"}]}},"_links":{"self":[{"href":"https:\/\/anr82.fr\/index.php\/wp-json\/wp\/v2\/posts\/7513","targetHints":{"allow":["GET"]}}],"collection":[{"href":"https:\/\/anr82.fr\/index.php\/wp-json\/wp\/v2\/posts"}],"about":[{"href":"https:\/\/anr82.fr\/index.php\/wp-json\/wp\/v2\/types\/post"}],"author":[{"embeddable":true,"href":"https:\/\/anr82.fr\/index.php\/wp-json\/wp\/v2\/users\/2"}],"replies":[{"embeddable":true,"href":"https:\/\/anr82.fr\/index.php\/wp-json\/wp\/v2\/comments?post=7513"}],"version-history":[{"count":14,"href":"https:\/\/anr82.fr\/index.php\/wp-json\/wp\/v2\/posts\/7513\/revisions"}],"predecessor-version":[{"id":8242,"href":"https:\/\/anr82.fr\/index.php\/wp-json\/wp\/v2\/posts\/7513\/revisions\/8242"}],"wp:featuredmedia":[{"embeddable":true,"href":"https:\/\/anr82.fr\/index.php\/wp-json\/wp\/v2\/media\/7521"}],"wp:attachment":[{"href":"https:\/\/anr82.fr\/index.php\/wp-json\/wp\/v2\/media?parent=7513"}],"wp:term":[{"taxonomy":"category","embeddable":true,"href":"https:\/\/anr82.fr\/index.php\/wp-json\/wp\/v2\/categories?post=7513"},{"taxonomy":"post_tag","embeddable":true,"href":"https:\/\/anr82.fr\/index.php\/wp-json\/wp\/v2\/tags?post=7513"}],"curies":[{"name":"wp","href":"https:\/\/api.w.org\/{rel}","templated":true}]}}