{"id":7878,"date":"2024-12-18T21:23:46","date_gmt":"2024-12-18T20:23:46","guid":{"rendered":"https:\/\/anr82.fr\/?p=7878"},"modified":"2026-01-03T11:14:32","modified_gmt":"2026-01-03T10:14:32","slug":"le-president-de-lanr82-vous-dit-merci","status":"publish","type":"post","link":"https:\/\/anr82.fr\/index.php\/2024\/12\/18\/le-president-de-lanr82-vous-dit-merci\/","title":{"rendered":"Le Pr\u00e9sident (de l&rsquo;ANR82&#8230;) vous dit merci&#8230;"},"content":{"rendered":"<div style=\"font-style:normal;font-weight:200;\" class=\"has-text-align-center wp-block-post-date has-small-font-size\"><time datetime=\"2024-12-18T21:23:46+01:00\">18 d\u00e9cembre 2024<\/time><\/div>\n\n\n<div class=\"wp-block-columns is-layout-flex wp-container-core-columns-is-layout-28f84493 wp-block-columns-is-layout-flex\" style=\"border-style:none;border-width:0px;border-radius:66px\">\n<div class=\"wp-block-column is-layout-flow wp-block-column-is-layout-flow\"><\/div>\n\n\n\n<div class=\"wp-block-column is-layout-flow wp-block-column-is-layout-flow\"><\/div>\n<\/div>\n\n\n\n<p class=\"has-drop-cap has-text-align-left has-background has-medium-font-size\" style=\"background-color:#faf7e6;font-style:normal;font-weight:200\">2024 se termine et voil\u00e0 que 2025 arrive \u00e0 grand pas\u2026.Notre repas de fin d\u2019ann\u00e9e \u00e0 \u00e9t\u00e9 la preuve du dynamisme du Comit\u00e9 ANR82.&nbsp;<br>155 personnes sont&nbsp;venues au Fau pour se <strong>retrouver, manger, chanter et danser<\/strong> et ce f\u00fbt l\u2019occasion de f\u00eater notre centenaire 2024&nbsp;: <br><strong>Mme Jacqueline DARVE.<\/strong><\/p>\n\n\n\n<div id=\"wp-block-themeisle-blocks-slider-4afd0119\" class=\"wp-block-themeisle-blocks-slider glide\" data-per-view=\"2\" data-gap=\"6\" data-peek=\"20\" data-autoplay=\"3000\" data-height=\"400px\" data-hide-arrows=\"true\"><div class=\"glide__track\" data-glide-el=\"track\"><div class=\"glide__slides\"><div class=\"wp-block-themeisle-blocks-slider-item-wrapper glide__slide\" tabindex=\"0\"><figure><img decoding=\"async\" class=\"wp-block-themeisle-blocks-slider-item\" src=\"https:\/\/anr82.fr\/wp-content\/uploads\/2024\/12\/IMG_8416-scaled.jpg\" alt=\"\" title=\"\" data-id=\"7873\"\/><\/figure><\/div><div class=\"wp-block-themeisle-blocks-slider-item-wrapper glide__slide\" tabindex=\"0\"><figure><img decoding=\"async\" class=\"wp-block-themeisle-blocks-slider-item\" src=\"https:\/\/anr82.fr\/wp-content\/uploads\/2024\/12\/IMG_8411.jpg\" alt=\"\" title=\"\" data-id=\"7868\"\/><\/figure><\/div><div class=\"wp-block-themeisle-blocks-slider-item-wrapper glide__slide\" tabindex=\"0\"><figure><img decoding=\"async\" class=\"wp-block-themeisle-blocks-slider-item\" src=\"https:\/\/anr82.fr\/wp-content\/uploads\/2024\/12\/IMG_8413.jpg\" alt=\"\" title=\"\" data-id=\"7870\"\/><figcaption>Honneur \u00e0 notre centenaire<\/figcaption><\/figure><\/div><div class=\"wp-block-themeisle-blocks-slider-item-wrapper glide__slide\" tabindex=\"0\"><figure><img decoding=\"async\" class=\"wp-block-themeisle-blocks-slider-item\" src=\"https:\/\/anr82.fr\/wp-content\/uploads\/2024\/12\/IMG_8407-scaled.jpg\" alt=\"\" title=\"\" data-id=\"7865\"\/><figcaption>Notre pr\u00e9sident<\/figcaption><\/figure><\/div><div class=\"wp-block-themeisle-blocks-slider-item-wrapper glide__slide\" tabindex=\"0\"><figure><img decoding=\"async\" class=\"wp-block-themeisle-blocks-slider-item\" src=\"https:\/\/anr82.fr\/wp-content\/uploads\/2024\/12\/PHOTO-2024-12-13-22-05-34.jpg\" alt=\"\" title=\"\" data-id=\"7859\"\/><\/figure><\/div><div class=\"wp-block-themeisle-blocks-slider-item-wrapper glide__slide\" tabindex=\"0\"><figure><img decoding=\"async\" class=\"wp-block-themeisle-blocks-slider-item\" src=\"https:\/\/anr82.fr\/wp-content\/uploads\/2024\/12\/PHOTO-2024-12-13-22-12-40-3.jpg\" alt=\"\" title=\"\" data-id=\"7861\"\/><figcaption>On m&rsquo;a dit&#8230;sonne&#8230;<\/figcaption><\/figure><\/div><div class=\"wp-block-themeisle-blocks-slider-item-wrapper glide__slide\" tabindex=\"0\"><figure><img decoding=\"async\" class=\"wp-block-themeisle-blocks-slider-item\" src=\"https:\/\/anr82.fr\/wp-content\/uploads\/2024\/12\/PHOTO-2024-12-13-22-12-41.jpg\" alt=\"\" title=\"\" data-id=\"7864\"\/><\/figure><\/div><div class=\"wp-block-themeisle-blocks-slider-item-wrapper glide__slide\" tabindex=\"0\"><figure><img decoding=\"async\" class=\"wp-block-themeisle-blocks-slider-item\" src=\"https:\/\/anr82.fr\/wp-content\/uploads\/2024\/12\/PHOTO-2024-12-13-22-12-40-2.jpg\" alt=\"\" title=\"\" data-id=\"7860\"\/><\/figure><\/div><div class=\"wp-block-themeisle-blocks-slider-item-wrapper glide__slide\" tabindex=\"0\"><figure><img decoding=\"async\" class=\"wp-block-themeisle-blocks-slider-item\" src=\"https:\/\/anr82.fr\/wp-content\/uploads\/2024\/12\/PHOTO-2024-12-13-22-12-40.jpg\" alt=\"\" title=\"\" data-id=\"7862\"\/><\/figure><\/div><\/div><div class=\"glide__bullets\" data-glide-el=\"controls[nav]\"><button class=\"glide__bullet\" data-glide-dir=\"=0\"><\/button><button class=\"glide__bullet\" data-glide-dir=\"=1\"><\/button><button class=\"glide__bullet\" data-glide-dir=\"=2\"><\/button><button class=\"glide__bullet\" data-glide-dir=\"=3\"><\/button><button class=\"glide__bullet\" data-glide-dir=\"=4\"><\/button><button class=\"glide__bullet\" data-glide-dir=\"=5\"><\/button><button class=\"glide__bullet\" data-glide-dir=\"=6\"><\/button><button class=\"glide__bullet\" data-glide-dir=\"=7\"><\/button><button class=\"glide__bullet\" data-glide-dir=\"=8\"><\/button><\/div><\/div><\/div>\n\n\n\n<div style=\"height:12px\" aria-hidden=\"true\" class=\"wp-block-spacer\"><\/div>\n\n\n\n<div id=\"wp-block-themeisle-blocks-button-group-d3ea5942\" class=\"wp-block-themeisle-blocks-button-group wp-block-buttons align-center-desktop\">\n<div id=\"wp-block-themeisle-blocks-button-c826acb7\" class=\"wp-block-themeisle-blocks-button wp-block-button\"><a href=\"https:\/\/anr82.fr\/index.php\/galeries-photos\/galerie_2024#_Galerie_RepasFinAnnee_2024\" target=\"_self\" rel=\"noopener noreferrer\" class=\"wp-block-button__link\"><span>Voir toutes les photos&#8230;<\/span><i class=\"fas fa-fw fa-chevron-circle-right margin-left\"><\/i><\/a><\/div>\n<\/div>\n\n\n\n<div style=\"height:12px\" aria-hidden=\"true\" class=\"wp-block-spacer\"><\/div>\n\n\n\n<p>D\u00e9s janvier 2025, j\u2019esp\u00e8re vous retrouver encore plus nombreux pour <a href=\"https:\/\/anr82.fr\/index.php\/programme\/\">la Galette \u00e0 Castelsarrasin et aux diff\u00e9rentes activit\u00e9s propos\u00e9es<\/a>.<\/p>\n\n\n\n<p>Je&nbsp; remercie le bureau et l\u2019ensemble des membres du Comit\u00e9 qui participent \u00e0 la vie de notre ANR82. <br><strong>Je n\u2019oublie pas les b\u00e9n\u00e9voles<\/strong> qui nous aident lors de chaque manifestation.<\/p>\n\n\n\n<p><strong>Bonnes f\u00eates de No\u00ebl \u00e0 toutes et \u00e0 tous et \u00e0 vos familles..<\/strong><\/p>\n\n\n\n<div class=\"wp-block-group is-nowrap is-layout-flex wp-container-core-group-is-layout-6c531013 wp-block-group-is-layout-flex\">\n<p class=\"has-background has-medium-font-size\" style=\"background-color:#faf7e6;font-style:normal;font-weight:200\"><strong>Francis Delpech.<\/strong><\/p>\n\n\n\n<figure class=\"wp-block-image size-full is-resized is-style-rounded\"><img loading=\"lazy\" decoding=\"async\" width=\"563\" height=\"515\" src=\"https:\/\/anr82.fr\/wp-content\/uploads\/2024\/12\/Francis.jpg\" alt=\"\" class=\"wp-image-7883\" style=\"width:110px;height:auto\" srcset=\"https:\/\/anr82.fr\/wp-content\/uploads\/2024\/12\/Francis.jpg 563w, https:\/\/anr82.fr\/wp-content\/uploads\/2024\/12\/Francis-300x274.jpg 300w\" sizes=\"auto, (max-width: 563px) 100vw, 563px\" \/><\/figure>\n<\/div>\n\n\n\n<p><\/p>\n\n\n\n<p><\/p>\n","protected":false},"excerpt":{"rendered":"<p>2024 se termine et voil\u00e0 que 2025 arrive \u00e0 grand pas\u2026.Notre repas de fin d\u2019ann\u00e9e \u00e0 \u00e9t\u00e9 la preuve du dynamisme du Comit\u00e9 ANR82.&nbsp;155 personnes sont&nbsp;venues au Fau pour se retrouver, manger, chanter et danser et ce f\u00fbt l\u2019occasion de f\u00eater notre centenaire 2024&nbsp;: Mme Jacqueline DARVE. D\u00e9s janvier 2025, [&hellip;]<\/p>\n","protected":false},"author":2,"featured_media":7234,"comment_status":"closed","ping_status":"closed","sticky":false,"template":"","format":"standard","meta":{"_bbp_topic_count":0,"_bbp_reply_count":0,"_bbp_total_topic_count":0,"_bbp_total_reply_count":0,"_bbp_voice_count":0,"_bbp_anonymous_reply_count":0,"_bbp_topic_count_hidden":0,"_bbp_reply_count_hidden":0,"_bbp_forum_subforum_count":0,"_themeisle_gutenberg_block_has_review":false,"footnotes":""},"categories":[89,67],"tags":[],"class_list":["post-7878","post","type-post","status-publish","format-standard","has-post-thumbnail","hentry","category-89","category-activites"],"yoast_head":"<!-- This site is optimized with the Yoast SEO plugin v27.4 - https:\/\/yoast.com\/product\/yoast-seo-wordpress\/ -->\n<title>Le Pr\u00e9sident (de l&#039;ANR82...) vous dit merci... - Groupe Tarn &amp; Garonne<\/title>\n<meta name=\"robots\" content=\"index, follow, max-snippet:-1, max-image-preview:large, max-video-preview:-1\" \/>\n<link rel=\"canonical\" href=\"https:\/\/anr82.fr\/index.php\/2024\/12\/18\/le-president-de-lanr82-vous-dit-merci\/\" \/>\n<meta property=\"og:locale\" content=\"fr_FR\" \/>\n<meta property=\"og:type\" content=\"article\" \/>\n<meta property=\"og:title\" content=\"Le Pr\u00e9sident (de l&#039;ANR82...) vous dit merci... - Groupe Tarn &amp; Garonne\" \/>\n<meta property=\"og:description\" content=\"2024 se termine et voil\u00e0 que 2025 arrive \u00e0 grand pas\u2026.Notre repas de fin d\u2019ann\u00e9e \u00e0 \u00e9t\u00e9 la preuve du dynamisme du Comit\u00e9 ANR82.&nbsp;155 personnes sont&nbsp;venues au Fau pour se retrouver, manger, chanter et danser et ce f\u00fbt l\u2019occasion de f\u00eater notre centenaire 2024&nbsp;: Mme Jacqueline DARVE. D\u00e9s janvier 2025, [&hellip;]\" \/>\n<meta property=\"og:url\" content=\"https:\/\/anr82.fr\/index.php\/2024\/12\/18\/le-president-de-lanr82-vous-dit-merci\/\" \/>\n<meta property=\"og:site_name\" content=\"Groupe Tarn &amp; Garonne\" \/>\n<meta property=\"article:published_time\" content=\"2024-12-18T20:23:46+00:00\" \/>\n<meta property=\"article:modified_time\" content=\"2026-01-03T10:14:32+00:00\" \/>\n<meta property=\"og:image\" content=\"https:\/\/anr82.fr\/wp-content\/uploads\/2024\/11\/tim-pack-stfs5h71nL0-unsplash-scaled.jpg\" \/>\n\t<meta property=\"og:image:width\" content=\"2560\" \/>\n\t<meta property=\"og:image:height\" content=\"1920\" \/>\n\t<meta property=\"og:image:type\" content=\"image\/jpeg\" \/>\n<meta name=\"author\" content=\"Philippe\" \/>\n<meta name=\"twitter:card\" content=\"summary_large_image\" \/>\n<meta name=\"twitter:label1\" content=\"\u00c9crit par\" \/>\n\t<meta name=\"twitter:data1\" content=\"Philippe\" \/>\n\t<meta name=\"twitter:label2\" content=\"Dur\u00e9e de lecture estim\u00e9e\" \/>\n\t<meta name=\"twitter:data2\" content=\"3 minutes\" \/>\n<script type=\"application\/ld+json\" class=\"yoast-schema-graph\">{\"@context\":\"https:\\\/\\\/schema.org\",\"@graph\":[{\"@type\":\"Article\",\"@id\":\"https:\\\/\\\/anr82.fr\\\/index.php\\\/2024\\\/12\\\/18\\\/le-president-de-lanr82-vous-dit-merci\\\/#article\",\"isPartOf\":{\"@id\":\"https:\\\/\\\/anr82.fr\\\/index.php\\\/2024\\\/12\\\/18\\\/le-president-de-lanr82-vous-dit-merci\\\/\"},\"author\":{\"name\":\"Philippe\",\"@id\":\"https:\\\/\\\/anr82.fr\\\/#\\\/schema\\\/person\\\/64492e976e648d7c4d110c59f70a0934\"},\"headline\":\"Le Pr\u00e9sident (de l&rsquo;ANR82&#8230;) vous dit merci&#8230;\",\"datePublished\":\"2024-12-18T20:23:46+00:00\",\"dateModified\":\"2026-01-03T10:14:32+00:00\",\"mainEntityOfPage\":{\"@id\":\"https:\\\/\\\/anr82.fr\\\/index.php\\\/2024\\\/12\\\/18\\\/le-president-de-lanr82-vous-dit-merci\\\/\"},\"wordCount\":147,\"publisher\":{\"@id\":\"https:\\\/\\\/anr82.fr\\\/#organization\"},\"image\":{\"@id\":\"https:\\\/\\\/anr82.fr\\\/index.php\\\/2024\\\/12\\\/18\\\/le-president-de-lanr82-vous-dit-merci\\\/#primaryimage\"},\"thumbnailUrl\":\"https:\\\/\\\/anr82.fr\\\/wp-content\\\/uploads\\\/2024\\\/11\\\/tim-pack-stfs5h71nL0-unsplash-scaled.jpg\",\"articleSection\":[\"2024\",\"Activit\u00e9s de groupe\"],\"inLanguage\":\"fr-FR\"},{\"@type\":\"WebPage\",\"@id\":\"https:\\\/\\\/anr82.fr\\\/index.php\\\/2024\\\/12\\\/18\\\/le-president-de-lanr82-vous-dit-merci\\\/\",\"url\":\"https:\\\/\\\/anr82.fr\\\/index.php\\\/2024\\\/12\\\/18\\\/le-president-de-lanr82-vous-dit-merci\\\/\",\"name\":\"Le Pr\u00e9sident (de l'ANR82...) vous dit merci... - Groupe Tarn &amp; Garonne\",\"isPartOf\":{\"@id\":\"https:\\\/\\\/anr82.fr\\\/#website\"},\"primaryImageOfPage\":{\"@id\":\"https:\\\/\\\/anr82.fr\\\/index.php\\\/2024\\\/12\\\/18\\\/le-president-de-lanr82-vous-dit-merci\\\/#primaryimage\"},\"image\":{\"@id\":\"https:\\\/\\\/anr82.fr\\\/index.php\\\/2024\\\/12\\\/18\\\/le-president-de-lanr82-vous-dit-merci\\\/#primaryimage\"},\"thumbnailUrl\":\"https:\\\/\\\/anr82.fr\\\/wp-content\\\/uploads\\\/2024\\\/11\\\/tim-pack-stfs5h71nL0-unsplash-scaled.jpg\",\"datePublished\":\"2024-12-18T20:23:46+00:00\",\"dateModified\":\"2026-01-03T10:14:32+00:00\",\"breadcrumb\":{\"@id\":\"https:\\\/\\\/anr82.fr\\\/index.php\\\/2024\\\/12\\\/18\\\/le-president-de-lanr82-vous-dit-merci\\\/#breadcrumb\"},\"inLanguage\":\"fr-FR\",\"potentialAction\":[{\"@type\":\"ReadAction\",\"target\":[\"https:\\\/\\\/anr82.fr\\\/index.php\\\/2024\\\/12\\\/18\\\/le-president-de-lanr82-vous-dit-merci\\\/\"]}]},{\"@type\":\"ImageObject\",\"inLanguage\":\"fr-FR\",\"@id\":\"https:\\\/\\\/anr82.fr\\\/index.php\\\/2024\\\/12\\\/18\\\/le-president-de-lanr82-vous-dit-merci\\\/#primaryimage\",\"url\":\"https:\\\/\\\/anr82.fr\\\/wp-content\\\/uploads\\\/2024\\\/11\\\/tim-pack-stfs5h71nL0-unsplash-scaled.jpg\",\"contentUrl\":\"https:\\\/\\\/anr82.fr\\\/wp-content\\\/uploads\\\/2024\\\/11\\\/tim-pack-stfs5h71nL0-unsplash-scaled.jpg\",\"width\":2560,\"height\":1920},{\"@type\":\"BreadcrumbList\",\"@id\":\"https:\\\/\\\/anr82.fr\\\/index.php\\\/2024\\\/12\\\/18\\\/le-president-de-lanr82-vous-dit-merci\\\/#breadcrumb\",\"itemListElement\":[{\"@type\":\"ListItem\",\"position\":1,\"name\":\"Accueil\",\"item\":\"https:\\\/\\\/anr82.fr\\\/\"},{\"@type\":\"ListItem\",\"position\":2,\"name\":\"Le Pr\u00e9sident (de l&rsquo;ANR82&#8230;) vous dit merci&#8230;\"}]},{\"@type\":\"WebSite\",\"@id\":\"https:\\\/\\\/anr82.fr\\\/#website\",\"url\":\"https:\\\/\\\/anr82.fr\\\/\",\"name\":\"Groupe Tarn &amp; Garonne\",\"description\":\"Solidarit\u00e9, aide, convivialit\u00e9, partage...\",\"publisher\":{\"@id\":\"https:\\\/\\\/anr82.fr\\\/#organization\"},\"potentialAction\":[{\"@type\":\"SearchAction\",\"target\":{\"@type\":\"EntryPoint\",\"urlTemplate\":\"https:\\\/\\\/anr82.fr\\\/?s={search_term_string}\"},\"query-input\":{\"@type\":\"PropertyValueSpecification\",\"valueRequired\":true,\"valueName\":\"search_term_string\"}}],\"inLanguage\":\"fr-FR\"},{\"@type\":\"Organization\",\"@id\":\"https:\\\/\\\/anr82.fr\\\/#organization\",\"name\":\"Association Nationale de Retrait\u00e9s Groupe Tarn et Garonne\",\"url\":\"https:\\\/\\\/anr82.fr\\\/\",\"logo\":{\"@type\":\"ImageObject\",\"inLanguage\":\"fr-FR\",\"@id\":\"https:\\\/\\\/anr82.fr\\\/#\\\/schema\\\/logo\\\/image\\\/\",\"url\":\"https:\\\/\\\/anr82.fr\\\/wp-content\\\/uploads\\\/2020\\\/04\\\/cropped-Logo-ANR82-02-2.jpg\",\"contentUrl\":\"https:\\\/\\\/anr82.fr\\\/wp-content\\\/uploads\\\/2020\\\/04\\\/cropped-Logo-ANR82-02-2.jpg\",\"width\":500,\"height\":100,\"caption\":\"Association Nationale de Retrait\u00e9s Groupe Tarn et Garonne\"},\"image\":{\"@id\":\"https:\\\/\\\/anr82.fr\\\/#\\\/schema\\\/logo\\\/image\\\/\"}},{\"@type\":\"Person\",\"@id\":\"https:\\\/\\\/anr82.fr\\\/#\\\/schema\\\/person\\\/64492e976e648d7c4d110c59f70a0934\",\"name\":\"Philippe\",\"image\":{\"@type\":\"ImageObject\",\"inLanguage\":\"fr-FR\",\"@id\":\"https:\\\/\\\/secure.gravatar.com\\\/avatar\\\/70d895fae5bd155cd7ed93ad5d9e39977c613c3887f3b109dbe9d2235575b8b7?s=96&d=robohash&r=g\",\"url\":\"https:\\\/\\\/secure.gravatar.com\\\/avatar\\\/70d895fae5bd155cd7ed93ad5d9e39977c613c3887f3b109dbe9d2235575b8b7?s=96&d=robohash&r=g\",\"contentUrl\":\"https:\\\/\\\/secure.gravatar.com\\\/avatar\\\/70d895fae5bd155cd7ed93ad5d9e39977c613c3887f3b109dbe9d2235575b8b7?s=96&d=robohash&r=g\",\"caption\":\"Philippe\"},\"url\":\"https:\\\/\\\/anr82.fr\\\/index.php\\\/author\\\/philippeadm82\\\/\"}]}<\/script>\n<!-- \/ Yoast SEO plugin. -->","yoast_head_json":{"title":"Le Pr\u00e9sident (de l'ANR82...) vous dit merci... - Groupe Tarn &amp; Garonne","robots":{"index":"index","follow":"follow","max-snippet":"max-snippet:-1","max-image-preview":"max-image-preview:large","max-video-preview":"max-video-preview:-1"},"canonical":"https:\/\/anr82.fr\/index.php\/2024\/12\/18\/le-president-de-lanr82-vous-dit-merci\/","og_locale":"fr_FR","og_type":"article","og_title":"Le Pr\u00e9sident (de l'ANR82...) vous dit merci... - Groupe Tarn &amp; Garonne","og_description":"2024 se termine et voil\u00e0 que 2025 arrive \u00e0 grand pas\u2026.Notre repas de fin d\u2019ann\u00e9e \u00e0 \u00e9t\u00e9 la preuve du dynamisme du Comit\u00e9 ANR82.&nbsp;155 personnes sont&nbsp;venues au Fau pour se retrouver, manger, chanter et danser et ce f\u00fbt l\u2019occasion de f\u00eater notre centenaire 2024&nbsp;: Mme Jacqueline DARVE. D\u00e9s janvier 2025, [&hellip;]","og_url":"https:\/\/anr82.fr\/index.php\/2024\/12\/18\/le-president-de-lanr82-vous-dit-merci\/","og_site_name":"Groupe Tarn &amp; Garonne","article_published_time":"2024-12-18T20:23:46+00:00","article_modified_time":"2026-01-03T10:14:32+00:00","og_image":[{"width":2560,"height":1920,"url":"https:\/\/anr82.fr\/wp-content\/uploads\/2024\/11\/tim-pack-stfs5h71nL0-unsplash-scaled.jpg","type":"image\/jpeg"}],"author":"Philippe","twitter_card":"summary_large_image","twitter_misc":{"\u00c9crit par":"Philippe","Dur\u00e9e de lecture estim\u00e9e":"3 minutes"},"schema":{"@context":"https:\/\/schema.org","@graph":[{"@type":"Article","@id":"https:\/\/anr82.fr\/index.php\/2024\/12\/18\/le-president-de-lanr82-vous-dit-merci\/#article","isPartOf":{"@id":"https:\/\/anr82.fr\/index.php\/2024\/12\/18\/le-president-de-lanr82-vous-dit-merci\/"},"author":{"name":"Philippe","@id":"https:\/\/anr82.fr\/#\/schema\/person\/64492e976e648d7c4d110c59f70a0934"},"headline":"Le Pr\u00e9sident (de l&rsquo;ANR82&#8230;) vous dit merci&#8230;","datePublished":"2024-12-18T20:23:46+00:00","dateModified":"2026-01-03T10:14:32+00:00","mainEntityOfPage":{"@id":"https:\/\/anr82.fr\/index.php\/2024\/12\/18\/le-president-de-lanr82-vous-dit-merci\/"},"wordCount":147,"publisher":{"@id":"https:\/\/anr82.fr\/#organization"},"image":{"@id":"https:\/\/anr82.fr\/index.php\/2024\/12\/18\/le-president-de-lanr82-vous-dit-merci\/#primaryimage"},"thumbnailUrl":"https:\/\/anr82.fr\/wp-content\/uploads\/2024\/11\/tim-pack-stfs5h71nL0-unsplash-scaled.jpg","articleSection":["2024","Activit\u00e9s de groupe"],"inLanguage":"fr-FR"},{"@type":"WebPage","@id":"https:\/\/anr82.fr\/index.php\/2024\/12\/18\/le-president-de-lanr82-vous-dit-merci\/","url":"https:\/\/anr82.fr\/index.php\/2024\/12\/18\/le-president-de-lanr82-vous-dit-merci\/","name":"Le Pr\u00e9sident (de l'ANR82...) vous dit merci... - Groupe Tarn &amp; Garonne","isPartOf":{"@id":"https:\/\/anr82.fr\/#website"},"primaryImageOfPage":{"@id":"https:\/\/anr82.fr\/index.php\/2024\/12\/18\/le-president-de-lanr82-vous-dit-merci\/#primaryimage"},"image":{"@id":"https:\/\/anr82.fr\/index.php\/2024\/12\/18\/le-president-de-lanr82-vous-dit-merci\/#primaryimage"},"thumbnailUrl":"https:\/\/anr82.fr\/wp-content\/uploads\/2024\/11\/tim-pack-stfs5h71nL0-unsplash-scaled.jpg","datePublished":"2024-12-18T20:23:46+00:00","dateModified":"2026-01-03T10:14:32+00:00","breadcrumb":{"@id":"https:\/\/anr82.fr\/index.php\/2024\/12\/18\/le-president-de-lanr82-vous-dit-merci\/#breadcrumb"},"inLanguage":"fr-FR","potentialAction":[{"@type":"ReadAction","target":["https:\/\/anr82.fr\/index.php\/2024\/12\/18\/le-president-de-lanr82-vous-dit-merci\/"]}]},{"@type":"ImageObject","inLanguage":"fr-FR","@id":"https:\/\/anr82.fr\/index.php\/2024\/12\/18\/le-president-de-lanr82-vous-dit-merci\/#primaryimage","url":"https:\/\/anr82.fr\/wp-content\/uploads\/2024\/11\/tim-pack-stfs5h71nL0-unsplash-scaled.jpg","contentUrl":"https:\/\/anr82.fr\/wp-content\/uploads\/2024\/11\/tim-pack-stfs5h71nL0-unsplash-scaled.jpg","width":2560,"height":1920},{"@type":"BreadcrumbList","@id":"https:\/\/anr82.fr\/index.php\/2024\/12\/18\/le-president-de-lanr82-vous-dit-merci\/#breadcrumb","itemListElement":[{"@type":"ListItem","position":1,"name":"Accueil","item":"https:\/\/anr82.fr\/"},{"@type":"ListItem","position":2,"name":"Le Pr\u00e9sident (de l&rsquo;ANR82&#8230;) vous dit merci&#8230;"}]},{"@type":"WebSite","@id":"https:\/\/anr82.fr\/#website","url":"https:\/\/anr82.fr\/","name":"Groupe Tarn &amp; Garonne","description":"Solidarit\u00e9, aide, convivialit\u00e9, partage...","publisher":{"@id":"https:\/\/anr82.fr\/#organization"},"potentialAction":[{"@type":"SearchAction","target":{"@type":"EntryPoint","urlTemplate":"https:\/\/anr82.fr\/?s={search_term_string}"},"query-input":{"@type":"PropertyValueSpecification","valueRequired":true,"valueName":"search_term_string"}}],"inLanguage":"fr-FR"},{"@type":"Organization","@id":"https:\/\/anr82.fr\/#organization","name":"Association Nationale de Retrait\u00e9s Groupe Tarn et Garonne","url":"https:\/\/anr82.fr\/","logo":{"@type":"ImageObject","inLanguage":"fr-FR","@id":"https:\/\/anr82.fr\/#\/schema\/logo\/image\/","url":"https:\/\/anr82.fr\/wp-content\/uploads\/2020\/04\/cropped-Logo-ANR82-02-2.jpg","contentUrl":"https:\/\/anr82.fr\/wp-content\/uploads\/2020\/04\/cropped-Logo-ANR82-02-2.jpg","width":500,"height":100,"caption":"Association Nationale de Retrait\u00e9s Groupe Tarn et Garonne"},"image":{"@id":"https:\/\/anr82.fr\/#\/schema\/logo\/image\/"}},{"@type":"Person","@id":"https:\/\/anr82.fr\/#\/schema\/person\/64492e976e648d7c4d110c59f70a0934","name":"Philippe","image":{"@type":"ImageObject","inLanguage":"fr-FR","@id":"https:\/\/secure.gravatar.com\/avatar\/70d895fae5bd155cd7ed93ad5d9e39977c613c3887f3b109dbe9d2235575b8b7?s=96&d=robohash&r=g","url":"https:\/\/secure.gravatar.com\/avatar\/70d895fae5bd155cd7ed93ad5d9e39977c613c3887f3b109dbe9d2235575b8b7?s=96&d=robohash&r=g","contentUrl":"https:\/\/secure.gravatar.com\/avatar\/70d895fae5bd155cd7ed93ad5d9e39977c613c3887f3b109dbe9d2235575b8b7?s=96&d=robohash&r=g","caption":"Philippe"},"url":"https:\/\/anr82.fr\/index.php\/author\/philippeadm82\/"}]}},"_links":{"self":[{"href":"https:\/\/anr82.fr\/index.php\/wp-json\/wp\/v2\/posts\/7878","targetHints":{"allow":["GET"]}}],"collection":[{"href":"https:\/\/anr82.fr\/index.php\/wp-json\/wp\/v2\/posts"}],"about":[{"href":"https:\/\/anr82.fr\/index.php\/wp-json\/wp\/v2\/types\/post"}],"author":[{"embeddable":true,"href":"https:\/\/anr82.fr\/index.php\/wp-json\/wp\/v2\/users\/2"}],"replies":[{"embeddable":true,"href":"https:\/\/anr82.fr\/index.php\/wp-json\/wp\/v2\/comments?post=7878"}],"version-history":[{"count":37,"href":"https:\/\/anr82.fr\/index.php\/wp-json\/wp\/v2\/posts\/7878\/revisions"}],"predecessor-version":[{"id":9325,"href":"https:\/\/anr82.fr\/index.php\/wp-json\/wp\/v2\/posts\/7878\/revisions\/9325"}],"wp:featuredmedia":[{"embeddable":true,"href":"https:\/\/anr82.fr\/index.php\/wp-json\/wp\/v2\/media\/7234"}],"wp:attachment":[{"href":"https:\/\/anr82.fr\/index.php\/wp-json\/wp\/v2\/media?parent=7878"}],"wp:term":[{"taxonomy":"category","embeddable":true,"href":"https:\/\/anr82.fr\/index.php\/wp-json\/wp\/v2\/categories?post=7878"},{"taxonomy":"post_tag","embeddable":true,"href":"https:\/\/anr82.fr\/index.php\/wp-json\/wp\/v2\/tags?post=7878"}],"curies":[{"name":"wp","href":"https:\/\/api.w.org\/{rel}","templated":true}]}}