{"id":8276,"date":"2024-12-29T22:41:42","date_gmt":"2024-12-29T21:41:42","guid":{"rendered":"https:\/\/anr82.fr\/?p=8276"},"modified":"2026-01-03T11:14:32","modified_gmt":"2026-01-03T10:14:32","slug":"en-route-vers-2025-les-voeux-de-lanr82","status":"publish","type":"post","link":"https:\/\/anr82.fr\/index.php\/2024\/12\/29\/en-route-vers-2025-les-voeux-de-lanr82\/","title":{"rendered":"En route vers 2025&#8230;les voeux de l&rsquo;ANR82"},"content":{"rendered":"<div style=\"font-style:normal;font-weight:200;\" class=\"has-text-align-center wp-block-post-date has-small-font-size\"><time datetime=\"2024-12-29T22:41:42+01:00\">29 d\u00e9cembre 2024<\/time><\/div>\n\n\n<div class=\"wp-block-columns is-layout-flex wp-container-core-columns-is-layout-28f84493 wp-block-columns-is-layout-flex\" style=\"border-style:none;border-width:0px;border-radius:66px\">\n<div class=\"wp-block-column is-layout-flow wp-block-column-is-layout-flow\"><\/div>\n\n\n\n<div class=\"wp-block-column is-layout-flow wp-block-column-is-layout-flow\"><\/div>\n<\/div>\n\n\n<div class=\"wp-block-image\">\n<figure class=\"aligncenter size-full is-resized has-custom-border\" id=\"wp-block-themeisle-blocks-image-a852cf74\"><img loading=\"lazy\" decoding=\"async\" width=\"1347\" height=\"1856\" src=\"https:\/\/anr82.fr\/wp-content\/uploads\/2024\/12\/Carte-voeux-ANR-2025-Large2.jpg\" alt=\"\" class=\"wp-image-8376\" style=\"border-radius:4px;width:800px\" srcset=\"https:\/\/anr82.fr\/wp-content\/uploads\/2024\/12\/Carte-voeux-ANR-2025-Large2.jpg 1347w, https:\/\/anr82.fr\/wp-content\/uploads\/2024\/12\/Carte-voeux-ANR-2025-Large2-218x300.jpg 218w, https:\/\/anr82.fr\/wp-content\/uploads\/2024\/12\/Carte-voeux-ANR-2025-Large2-743x1024.jpg 743w, https:\/\/anr82.fr\/wp-content\/uploads\/2024\/12\/Carte-voeux-ANR-2025-Large2-768x1058.jpg 768w, https:\/\/anr82.fr\/wp-content\/uploads\/2024\/12\/Carte-voeux-ANR-2025-Large2-1115x1536.jpg 1115w\" sizes=\"auto, (max-width: 1347px) 100vw, 1347px\" \/><\/figure>\n<\/div>","protected":false},"excerpt":{"rendered":"","protected":false},"author":2,"featured_media":7895,"comment_status":"closed","ping_status":"closed","sticky":false,"template":"","format":"standard","meta":{"_bbp_topic_count":0,"_bbp_reply_count":0,"_bbp_total_topic_count":0,"_bbp_total_reply_count":0,"_bbp_voice_count":0,"_bbp_anonymous_reply_count":0,"_bbp_topic_count_hidden":0,"_bbp_reply_count_hidden":0,"_bbp_forum_subforum_count":0,"_themeisle_gutenberg_block_has_review":false,"footnotes":""},"categories":[89,93,90],"tags":[],"class_list":["post-8276","post","type-post","status-publish","format-standard","has-post-thumbnail","hentry","category-89","category-93","category-communication-anr82"],"yoast_head":"<!-- This site is optimized with the Yoast SEO plugin v27.4 - https:\/\/yoast.com\/product\/yoast-seo-wordpress\/ -->\n<title>En route vers 2025...les voeux de l&#039;ANR82 - Groupe Tarn &amp; Garonne<\/title>\n<meta name=\"robots\" content=\"index, follow, max-snippet:-1, max-image-preview:large, max-video-preview:-1\" \/>\n<link rel=\"canonical\" href=\"https:\/\/anr82.fr\/index.php\/2024\/12\/29\/en-route-vers-2025-les-voeux-de-lanr82\/\" \/>\n<meta property=\"og:locale\" content=\"fr_FR\" \/>\n<meta property=\"og:type\" content=\"article\" \/>\n<meta property=\"og:title\" content=\"En route vers 2025...les voeux de l&#039;ANR82 - Groupe Tarn &amp; Garonne\" \/>\n<meta property=\"og:url\" content=\"https:\/\/anr82.fr\/index.php\/2024\/12\/29\/en-route-vers-2025-les-voeux-de-lanr82\/\" \/>\n<meta property=\"og:site_name\" content=\"Groupe Tarn &amp; Garonne\" \/>\n<meta property=\"article:published_time\" content=\"2024-12-29T21:41:42+00:00\" \/>\n<meta property=\"article:modified_time\" content=\"2026-01-03T10:14:32+00:00\" \/>\n<meta property=\"og:image\" content=\"https:\/\/anr82.fr\/wp-content\/uploads\/2024\/11\/cropped-red-2892235_1280.png\" \/>\n\t<meta property=\"og:image:width\" content=\"1251\" \/>\n\t<meta property=\"og:image:height\" content=\"720\" \/>\n\t<meta property=\"og:image:type\" content=\"image\/png\" \/>\n<meta name=\"author\" content=\"Philippe\" \/>\n<meta name=\"twitter:card\" content=\"summary_large_image\" \/>\n<meta name=\"twitter:label1\" content=\"\u00c9crit par\" \/>\n\t<meta name=\"twitter:data1\" content=\"Philippe\" \/>\n\t<meta name=\"twitter:label2\" content=\"Dur\u00e9e de lecture estim\u00e9e\" \/>\n\t<meta name=\"twitter:data2\" content=\"1 minute\" \/>\n<script type=\"application\/ld+json\" class=\"yoast-schema-graph\">{\"@context\":\"https:\\\/\\\/schema.org\",\"@graph\":[{\"@type\":\"Article\",\"@id\":\"https:\\\/\\\/anr82.fr\\\/index.php\\\/2024\\\/12\\\/29\\\/en-route-vers-2025-les-voeux-de-lanr82\\\/#article\",\"isPartOf\":{\"@id\":\"https:\\\/\\\/anr82.fr\\\/index.php\\\/2024\\\/12\\\/29\\\/en-route-vers-2025-les-voeux-de-lanr82\\\/\"},\"author\":{\"name\":\"Philippe\",\"@id\":\"https:\\\/\\\/anr82.fr\\\/#\\\/schema\\\/person\\\/64492e976e648d7c4d110c59f70a0934\"},\"headline\":\"En route vers 2025&#8230;les voeux de l&rsquo;ANR82\",\"datePublished\":\"2024-12-29T21:41:42+00:00\",\"dateModified\":\"2026-01-03T10:14:32+00:00\",\"mainEntityOfPage\":{\"@id\":\"https:\\\/\\\/anr82.fr\\\/index.php\\\/2024\\\/12\\\/29\\\/en-route-vers-2025-les-voeux-de-lanr82\\\/\"},\"wordCount\":8,\"publisher\":{\"@id\":\"https:\\\/\\\/anr82.fr\\\/#organization\"},\"image\":{\"@id\":\"https:\\\/\\\/anr82.fr\\\/index.php\\\/2024\\\/12\\\/29\\\/en-route-vers-2025-les-voeux-de-lanr82\\\/#primaryimage\"},\"thumbnailUrl\":\"https:\\\/\\\/anr82.fr\\\/wp-content\\\/uploads\\\/2024\\\/11\\\/cropped-red-2892235_1280.png\",\"articleSection\":[\"2024\",\"2025\",\"Communication ANR82\"],\"inLanguage\":\"fr-FR\"},{\"@type\":\"WebPage\",\"@id\":\"https:\\\/\\\/anr82.fr\\\/index.php\\\/2024\\\/12\\\/29\\\/en-route-vers-2025-les-voeux-de-lanr82\\\/\",\"url\":\"https:\\\/\\\/anr82.fr\\\/index.php\\\/2024\\\/12\\\/29\\\/en-route-vers-2025-les-voeux-de-lanr82\\\/\",\"name\":\"En route vers 2025...les voeux de l'ANR82 - Groupe Tarn &amp; Garonne\",\"isPartOf\":{\"@id\":\"https:\\\/\\\/anr82.fr\\\/#website\"},\"primaryImageOfPage\":{\"@id\":\"https:\\\/\\\/anr82.fr\\\/index.php\\\/2024\\\/12\\\/29\\\/en-route-vers-2025-les-voeux-de-lanr82\\\/#primaryimage\"},\"image\":{\"@id\":\"https:\\\/\\\/anr82.fr\\\/index.php\\\/2024\\\/12\\\/29\\\/en-route-vers-2025-les-voeux-de-lanr82\\\/#primaryimage\"},\"thumbnailUrl\":\"https:\\\/\\\/anr82.fr\\\/wp-content\\\/uploads\\\/2024\\\/11\\\/cropped-red-2892235_1280.png\",\"datePublished\":\"2024-12-29T21:41:42+00:00\",\"dateModified\":\"2026-01-03T10:14:32+00:00\",\"breadcrumb\":{\"@id\":\"https:\\\/\\\/anr82.fr\\\/index.php\\\/2024\\\/12\\\/29\\\/en-route-vers-2025-les-voeux-de-lanr82\\\/#breadcrumb\"},\"inLanguage\":\"fr-FR\",\"potentialAction\":[{\"@type\":\"ReadAction\",\"target\":[\"https:\\\/\\\/anr82.fr\\\/index.php\\\/2024\\\/12\\\/29\\\/en-route-vers-2025-les-voeux-de-lanr82\\\/\"]}]},{\"@type\":\"ImageObject\",\"inLanguage\":\"fr-FR\",\"@id\":\"https:\\\/\\\/anr82.fr\\\/index.php\\\/2024\\\/12\\\/29\\\/en-route-vers-2025-les-voeux-de-lanr82\\\/#primaryimage\",\"url\":\"https:\\\/\\\/anr82.fr\\\/wp-content\\\/uploads\\\/2024\\\/11\\\/cropped-red-2892235_1280.png\",\"contentUrl\":\"https:\\\/\\\/anr82.fr\\\/wp-content\\\/uploads\\\/2024\\\/11\\\/cropped-red-2892235_1280.png\",\"width\":1251,\"height\":720},{\"@type\":\"BreadcrumbList\",\"@id\":\"https:\\\/\\\/anr82.fr\\\/index.php\\\/2024\\\/12\\\/29\\\/en-route-vers-2025-les-voeux-de-lanr82\\\/#breadcrumb\",\"itemListElement\":[{\"@type\":\"ListItem\",\"position\":1,\"name\":\"Accueil\",\"item\":\"https:\\\/\\\/anr82.fr\\\/\"},{\"@type\":\"ListItem\",\"position\":2,\"name\":\"En route vers 2025&#8230;les voeux de l&rsquo;ANR82\"}]},{\"@type\":\"WebSite\",\"@id\":\"https:\\\/\\\/anr82.fr\\\/#website\",\"url\":\"https:\\\/\\\/anr82.fr\\\/\",\"name\":\"Groupe Tarn &amp; Garonne\",\"description\":\"Solidarit\u00e9, aide, convivialit\u00e9, partage...\",\"publisher\":{\"@id\":\"https:\\\/\\\/anr82.fr\\\/#organization\"},\"potentialAction\":[{\"@type\":\"SearchAction\",\"target\":{\"@type\":\"EntryPoint\",\"urlTemplate\":\"https:\\\/\\\/anr82.fr\\\/?s={search_term_string}\"},\"query-input\":{\"@type\":\"PropertyValueSpecification\",\"valueRequired\":true,\"valueName\":\"search_term_string\"}}],\"inLanguage\":\"fr-FR\"},{\"@type\":\"Organization\",\"@id\":\"https:\\\/\\\/anr82.fr\\\/#organization\",\"name\":\"Association Nationale de Retrait\u00e9s Groupe Tarn et Garonne\",\"url\":\"https:\\\/\\\/anr82.fr\\\/\",\"logo\":{\"@type\":\"ImageObject\",\"inLanguage\":\"fr-FR\",\"@id\":\"https:\\\/\\\/anr82.fr\\\/#\\\/schema\\\/logo\\\/image\\\/\",\"url\":\"https:\\\/\\\/anr82.fr\\\/wp-content\\\/uploads\\\/2020\\\/04\\\/cropped-Logo-ANR82-02-2.jpg\",\"contentUrl\":\"https:\\\/\\\/anr82.fr\\\/wp-content\\\/uploads\\\/2020\\\/04\\\/cropped-Logo-ANR82-02-2.jpg\",\"width\":500,\"height\":100,\"caption\":\"Association Nationale de Retrait\u00e9s Groupe Tarn et Garonne\"},\"image\":{\"@id\":\"https:\\\/\\\/anr82.fr\\\/#\\\/schema\\\/logo\\\/image\\\/\"}},{\"@type\":\"Person\",\"@id\":\"https:\\\/\\\/anr82.fr\\\/#\\\/schema\\\/person\\\/64492e976e648d7c4d110c59f70a0934\",\"name\":\"Philippe\",\"image\":{\"@type\":\"ImageObject\",\"inLanguage\":\"fr-FR\",\"@id\":\"https:\\\/\\\/secure.gravatar.com\\\/avatar\\\/70d895fae5bd155cd7ed93ad5d9e39977c613c3887f3b109dbe9d2235575b8b7?s=96&d=robohash&r=g\",\"url\":\"https:\\\/\\\/secure.gravatar.com\\\/avatar\\\/70d895fae5bd155cd7ed93ad5d9e39977c613c3887f3b109dbe9d2235575b8b7?s=96&d=robohash&r=g\",\"contentUrl\":\"https:\\\/\\\/secure.gravatar.com\\\/avatar\\\/70d895fae5bd155cd7ed93ad5d9e39977c613c3887f3b109dbe9d2235575b8b7?s=96&d=robohash&r=g\",\"caption\":\"Philippe\"},\"url\":\"https:\\\/\\\/anr82.fr\\\/index.php\\\/author\\\/philippeadm82\\\/\"}]}<\/script>\n<!-- \/ Yoast SEO plugin. -->","yoast_head_json":{"title":"En route vers 2025...les voeux de l'ANR82 - Groupe Tarn &amp; Garonne","robots":{"index":"index","follow":"follow","max-snippet":"max-snippet:-1","max-image-preview":"max-image-preview:large","max-video-preview":"max-video-preview:-1"},"canonical":"https:\/\/anr82.fr\/index.php\/2024\/12\/29\/en-route-vers-2025-les-voeux-de-lanr82\/","og_locale":"fr_FR","og_type":"article","og_title":"En route vers 2025...les voeux de l'ANR82 - Groupe Tarn &amp; Garonne","og_url":"https:\/\/anr82.fr\/index.php\/2024\/12\/29\/en-route-vers-2025-les-voeux-de-lanr82\/","og_site_name":"Groupe Tarn &amp; Garonne","article_published_time":"2024-12-29T21:41:42+00:00","article_modified_time":"2026-01-03T10:14:32+00:00","og_image":[{"width":1251,"height":720,"url":"https:\/\/anr82.fr\/wp-content\/uploads\/2024\/11\/cropped-red-2892235_1280.png","type":"image\/png"}],"author":"Philippe","twitter_card":"summary_large_image","twitter_misc":{"\u00c9crit par":"Philippe","Dur\u00e9e de lecture estim\u00e9e":"1 minute"},"schema":{"@context":"https:\/\/schema.org","@graph":[{"@type":"Article","@id":"https:\/\/anr82.fr\/index.php\/2024\/12\/29\/en-route-vers-2025-les-voeux-de-lanr82\/#article","isPartOf":{"@id":"https:\/\/anr82.fr\/index.php\/2024\/12\/29\/en-route-vers-2025-les-voeux-de-lanr82\/"},"author":{"name":"Philippe","@id":"https:\/\/anr82.fr\/#\/schema\/person\/64492e976e648d7c4d110c59f70a0934"},"headline":"En route vers 2025&#8230;les voeux de l&rsquo;ANR82","datePublished":"2024-12-29T21:41:42+00:00","dateModified":"2026-01-03T10:14:32+00:00","mainEntityOfPage":{"@id":"https:\/\/anr82.fr\/index.php\/2024\/12\/29\/en-route-vers-2025-les-voeux-de-lanr82\/"},"wordCount":8,"publisher":{"@id":"https:\/\/anr82.fr\/#organization"},"image":{"@id":"https:\/\/anr82.fr\/index.php\/2024\/12\/29\/en-route-vers-2025-les-voeux-de-lanr82\/#primaryimage"},"thumbnailUrl":"https:\/\/anr82.fr\/wp-content\/uploads\/2024\/11\/cropped-red-2892235_1280.png","articleSection":["2024","2025","Communication ANR82"],"inLanguage":"fr-FR"},{"@type":"WebPage","@id":"https:\/\/anr82.fr\/index.php\/2024\/12\/29\/en-route-vers-2025-les-voeux-de-lanr82\/","url":"https:\/\/anr82.fr\/index.php\/2024\/12\/29\/en-route-vers-2025-les-voeux-de-lanr82\/","name":"En route vers 2025...les voeux de l'ANR82 - Groupe Tarn &amp; Garonne","isPartOf":{"@id":"https:\/\/anr82.fr\/#website"},"primaryImageOfPage":{"@id":"https:\/\/anr82.fr\/index.php\/2024\/12\/29\/en-route-vers-2025-les-voeux-de-lanr82\/#primaryimage"},"image":{"@id":"https:\/\/anr82.fr\/index.php\/2024\/12\/29\/en-route-vers-2025-les-voeux-de-lanr82\/#primaryimage"},"thumbnailUrl":"https:\/\/anr82.fr\/wp-content\/uploads\/2024\/11\/cropped-red-2892235_1280.png","datePublished":"2024-12-29T21:41:42+00:00","dateModified":"2026-01-03T10:14:32+00:00","breadcrumb":{"@id":"https:\/\/anr82.fr\/index.php\/2024\/12\/29\/en-route-vers-2025-les-voeux-de-lanr82\/#breadcrumb"},"inLanguage":"fr-FR","potentialAction":[{"@type":"ReadAction","target":["https:\/\/anr82.fr\/index.php\/2024\/12\/29\/en-route-vers-2025-les-voeux-de-lanr82\/"]}]},{"@type":"ImageObject","inLanguage":"fr-FR","@id":"https:\/\/anr82.fr\/index.php\/2024\/12\/29\/en-route-vers-2025-les-voeux-de-lanr82\/#primaryimage","url":"https:\/\/anr82.fr\/wp-content\/uploads\/2024\/11\/cropped-red-2892235_1280.png","contentUrl":"https:\/\/anr82.fr\/wp-content\/uploads\/2024\/11\/cropped-red-2892235_1280.png","width":1251,"height":720},{"@type":"BreadcrumbList","@id":"https:\/\/anr82.fr\/index.php\/2024\/12\/29\/en-route-vers-2025-les-voeux-de-lanr82\/#breadcrumb","itemListElement":[{"@type":"ListItem","position":1,"name":"Accueil","item":"https:\/\/anr82.fr\/"},{"@type":"ListItem","position":2,"name":"En route vers 2025&#8230;les voeux de l&rsquo;ANR82"}]},{"@type":"WebSite","@id":"https:\/\/anr82.fr\/#website","url":"https:\/\/anr82.fr\/","name":"Groupe Tarn &amp; Garonne","description":"Solidarit\u00e9, aide, convivialit\u00e9, partage...","publisher":{"@id":"https:\/\/anr82.fr\/#organization"},"potentialAction":[{"@type":"SearchAction","target":{"@type":"EntryPoint","urlTemplate":"https:\/\/anr82.fr\/?s={search_term_string}"},"query-input":{"@type":"PropertyValueSpecification","valueRequired":true,"valueName":"search_term_string"}}],"inLanguage":"fr-FR"},{"@type":"Organization","@id":"https:\/\/anr82.fr\/#organization","name":"Association Nationale de Retrait\u00e9s Groupe Tarn et Garonne","url":"https:\/\/anr82.fr\/","logo":{"@type":"ImageObject","inLanguage":"fr-FR","@id":"https:\/\/anr82.fr\/#\/schema\/logo\/image\/","url":"https:\/\/anr82.fr\/wp-content\/uploads\/2020\/04\/cropped-Logo-ANR82-02-2.jpg","contentUrl":"https:\/\/anr82.fr\/wp-content\/uploads\/2020\/04\/cropped-Logo-ANR82-02-2.jpg","width":500,"height":100,"caption":"Association Nationale de Retrait\u00e9s Groupe Tarn et Garonne"},"image":{"@id":"https:\/\/anr82.fr\/#\/schema\/logo\/image\/"}},{"@type":"Person","@id":"https:\/\/anr82.fr\/#\/schema\/person\/64492e976e648d7c4d110c59f70a0934","name":"Philippe","image":{"@type":"ImageObject","inLanguage":"fr-FR","@id":"https:\/\/secure.gravatar.com\/avatar\/70d895fae5bd155cd7ed93ad5d9e39977c613c3887f3b109dbe9d2235575b8b7?s=96&d=robohash&r=g","url":"https:\/\/secure.gravatar.com\/avatar\/70d895fae5bd155cd7ed93ad5d9e39977c613c3887f3b109dbe9d2235575b8b7?s=96&d=robohash&r=g","contentUrl":"https:\/\/secure.gravatar.com\/avatar\/70d895fae5bd155cd7ed93ad5d9e39977c613c3887f3b109dbe9d2235575b8b7?s=96&d=robohash&r=g","caption":"Philippe"},"url":"https:\/\/anr82.fr\/index.php\/author\/philippeadm82\/"}]}},"_links":{"self":[{"href":"https:\/\/anr82.fr\/index.php\/wp-json\/wp\/v2\/posts\/8276","targetHints":{"allow":["GET"]}}],"collection":[{"href":"https:\/\/anr82.fr\/index.php\/wp-json\/wp\/v2\/posts"}],"about":[{"href":"https:\/\/anr82.fr\/index.php\/wp-json\/wp\/v2\/types\/post"}],"author":[{"embeddable":true,"href":"https:\/\/anr82.fr\/index.php\/wp-json\/wp\/v2\/users\/2"}],"replies":[{"embeddable":true,"href":"https:\/\/anr82.fr\/index.php\/wp-json\/wp\/v2\/comments?post=8276"}],"version-history":[{"count":15,"href":"https:\/\/anr82.fr\/index.php\/wp-json\/wp\/v2\/posts\/8276\/revisions"}],"predecessor-version":[{"id":8455,"href":"https:\/\/anr82.fr\/index.php\/wp-json\/wp\/v2\/posts\/8276\/revisions\/8455"}],"wp:featuredmedia":[{"embeddable":true,"href":"https:\/\/anr82.fr\/index.php\/wp-json\/wp\/v2\/media\/7895"}],"wp:attachment":[{"href":"https:\/\/anr82.fr\/index.php\/wp-json\/wp\/v2\/media?parent=8276"}],"wp:term":[{"taxonomy":"category","embeddable":true,"href":"https:\/\/anr82.fr\/index.php\/wp-json\/wp\/v2\/categories?post=8276"},{"taxonomy":"post_tag","embeddable":true,"href":"https:\/\/anr82.fr\/index.php\/wp-json\/wp\/v2\/tags?post=8276"}],"curies":[{"name":"wp","href":"https:\/\/api.w.org\/{rel}","templated":true}]}}